{"id":680,"date":"2024-09-03T10:12:47","date_gmt":"2024-09-03T08:12:47","guid":{"rendered":"https:\/\/lpsc-wordpress.in2p3.fr\/?p=680"},"modified":"2025-03-06T11:04:42","modified_gmt":"2025-03-06T10:04:42","slug":"fete-de-la-science","status":"publish","type":"post","link":"https:\/\/lpsc-wordpress.in2p3.fr\/?p=680","title":{"rendered":"F\u00eate de la science"},"content":{"rendered":"\n\n\t\t\t\t<img loading=\"lazy\" decoding=\"async\" src=\"https:\/\/lpsc-wordpress.in2p3.fr\/wp-content\/uploads\/2024\/09\/FdS_anim3.jpg\" alt=\"FdS_anim3\" itemprop=\"image\" height=\"170\" width=\"427\" title=\"FdS_anim3\" onerror=\"this.style.display='none'\"  \/>\n\t<em>\u00a9 F\u00eate de la science<br \/>\n<\/em>\n<h2>\n\t\tF\u00eate de la science\n\t<\/h2>\n\t<em>3 septembre 2024<br \/>\n<\/em>\n\t<h4>La F\u00eate de la science est une manifestation populaire et gratuite qui c\u00e9l\u00e8bre les sciences, les techniques et les innovations sur l&rsquo;ensemble du territoire. Elle s&rsquo;adresse \u00e0 tous les publics et contribue \u00e0 favoriser le partage des savoirs entre les scientifiques et les citoyens.<\/h4>\n\t<p>Partager ce contenu<\/p>\n\t\t\t\t\t\t\t\t\t\t<a class= \"uabb-ss-grid-button-link\" href=\"https:\/\/www.linkedin.com\/shareArticle?url=https%3A%2F%2Flpsc-wordpress.in2p3.fr%2F%3Fp%3D680%26fl_builder\" target=\"_blank\" onclick=\"window.open(this.href,'social-share','left=20,top=20,width=500,height=500,toolbar=1,resizable=0');return false;\">\n\t\t\t\t\t\t\t\tLinkedin\n\t\t\t\t\t\t\t\t\t\t<\/a>\n\t<p>Cat\u00e9gories<\/p>\n\t<h2>Une grande f\u00eate populaire et gratuite<\/h2>\n<p>Initi\u00e9e par Hubert Curien en 1991 et organis\u00e9e par le <a title=\"minist\u00e8re de l&amp;#039;Enseignement sup\u00e9rieur et de la Recherche - Nouvelle fen\u00eatre\" href=\"https:\/\/www.enseignementsup-recherche.gouv.fr\/fr\" target=\"_blank\" rel=\"noopener\">minist\u00e8re de l&rsquo;Enseignement sup\u00e9rieur et de la Recherche<\/a>, la F\u00eate de la science propose \u00e0 tous les publics sans discrimination, des milliers d&rsquo;\u00e9v\u00e9nements originaux et participatifs, en France comme \u00e0 l&rsquo;international.<\/p>\n<p>Elle a lieu chaque ann\u00e9e \u00e0 la premi\u00e8re quinzaine d&rsquo;octobre en m\u00e9tropole, en outremer et \u00e0 l&rsquo;\u00e9tranger.<\/p>\n<p>Lors de cet \u00e9v\u00e9nement, des milliers de scientifiques, enseignants, m\u00e9diateurs culturels, biblioth\u00e9caires partagent avec les publics leur enthousiasme et leur curiosit\u00e9 pour les sciences, les techniques et les innovations \u00e0 travers de multiples animations\u00a0: \u00a0visites de laboratoires pour d\u00e9couvrir les coulisses de la recherche, caf\u00e9s des sciences pour apprendre autour d&rsquo;un verre, spectacles vivants pour une exp\u00e9rience entre art et science, exp\u00e9rimentations dans un fablab pour toucher la science des doigts\u00a0; ou encore promenade dans les nombreux villages des sciences, v\u00e9ritables lieux de rencontre au c\u0153ur des villes. Il y en a pour tous les go\u00fbts et forc\u00e9ment pr\u00e8s de chez vous !<\/p>\n<h2>La F\u00eate de la science en chiffres<\/h2>\n<p>La F\u00eate de la science c&rsquo;est :<\/p>\n<ul>\n<li>Plus d&rsquo;un million de visiteurs chaque ann\u00e9e<\/li>\n<li>Plus de 300 000 scolaires<\/li>\n<li>5 000 \u00e9v\u00e9nements r\u00e9partis sur tout le territoire, en outremer et \u00e0 l&rsquo;international<\/li>\n<li>Une dur\u00e9e moyenne de visite de 1h20<\/li>\n<\/ul>\n<h2>La F\u00eate de la science \u00e0 l&rsquo;international<\/h2>\n<p>Aux quatre coins du monde, familles, scolaires, \u00e9tudiants, amateurs ou passionn\u00e9s de sciences \u00e9changent \u00e0 l&rsquo;occasion de milliers d&rsquo;\u00e9v\u00e9nements gratuits. Canada, Chine, Allemagne, \u00c9tats-Unis, Norv\u00e8ge&#8230; Chaque ann\u00e9e, pr\u00e8s d&rsquo;une cinquantaine d&rsquo;\u00e9v\u00e9nements sont organis\u00e9s \u00e0 l&rsquo;international.<\/p>\n<h2>La F\u00eate de la science, un rendez-vous incontournable depuis plus de 30 ans<\/h2>\n<p>Tout a commenc\u00e9 en 1991. \u00c0 l&rsquo;occasion du 10<sup>e<\/sup> anniversaire de la cr\u00e9ation du minist\u00e8re, Hubert Curien, alors ministre de la Recherche et de l&rsquo;Espace, d\u00e9cide d&rsquo;ouvrir les somptueux jardins du minist\u00e8re au public. \u00c0 cette occasion, il annonce le lancement du premier \u00e9v\u00e9nement national c\u00e9l\u00e9brant la science, pr\u00e9vu pour l&rsquo;ann\u00e9e suivante.<\/p>\n<p>Hubert Curien a pour ambition de rapprocher le citoyen parisien de la science et de ses acteurs. Gr\u00e2ce \u00e0 cette premi\u00e8re manifestation, il esp\u00e8re encourager les jeunes \u00e0 s&rsquo;engager dans les m\u00e9tiers de la recherche et de la technologie.<\/p>\n<blockquote><p>Je vous sugg\u00e8re d&rsquo;y voir un symbole\u00a0: la recherche et la technologie sont l&rsquo;affaire de tous. <strong>Hubert Curien<\/strong><\/p><\/blockquote>\n<p>La premi\u00e8re \u00e9dition de la F\u00eate de la science, alors nomm\u00e9e \u00ab La Science en f\u00eate \u00bb, se tient en 1992. Rapidement, les directeurs des organismes de recherche sont sollicit\u00e9s et des animations sont organis\u00e9es par les laboratoires \u00e0 Paris et dans toutes les r\u00e9gions. Les centres de culture scientifique et les mus\u00e9es s&rsquo;associent \u00e0 l&rsquo;initiative avec engouement. Le bilan sur le territoire fran\u00e7ais d\u00e9passe alors toutes les esp\u00e9rances : plus de 500 000 personnes participent \u00e0 l&rsquo;\u00e9v\u00e9nement !<\/p>\n<p>Depuis, la F\u00eate de la science est devenue un rendez-vous incontournable pour tous les publics. Au fil des ann\u00e9es, l&rsquo;\u00e9v\u00e9nement a pris une tout autre dimension par le rassemblement de milliers de scientifiques et d&rsquo;animateurs dans toute la France, mais aussi gr\u00e2ce \u00e0 l&rsquo;engouement de visiteurs toujours plus nombreux.<\/p>\n<h2>La F\u00eate de la science et ses ambassadeurs<\/h2>\n<p>Parrains, marraines, ambassadrices et ambassadeurs : chaque ann\u00e9e, la F\u00eate de la science est assortie d&rsquo;une s\u00e9lection de personnalit\u00e9s et de scientifiques qui portent l&rsquo;\u00e9tendard du partage des connaissances et des savoirs, pour une science au c\u0153ur de la soci\u00e9t\u00e9. <a title=\"Ils parrainent et incarnent la F\u00eate de la science\" href=\"https:\/\/www.fetedelascience.fr\/ils-parrainent-et-incarnent-la-fete-de-la-science\" data-entity-substitution=\"canonical\" data-entity-type=\"node\" data-entity-uuid=\"c3e8b13c-42d2-4a66-bbc4-911886e8c0e5\">D\u00e9couvrez nos ambassadeurs sur cette page<\/a>.<\/p>\n\n","protected":false},"excerpt":{"rendered":"<p>\u00a9 F\u00eate de la science F\u00eate de la science 3 septembre 2024 La F\u00eate de la science est une manifestation populaire et gratuite qui c\u00e9l\u00e8bre les sciences, les techniques et les innovations sur l&rsquo;ensemble du territoire. Elle s&rsquo;adresse \u00e0 tous les publics et contribue \u00e0 favoriser le partage des savoirs entre les scientifiques et les&hellip;<\/p>\n","protected":false},"author":2,"featured_media":682,"comment_status":"closed","ping_status":"open","sticky":false,"template":"tpl-full-width.php","format":"standard","meta":{"footnotes":""},"categories":[1],"tags":[],"class_list":["post-680","post","type-post","status-publish","format-standard","has-post-thumbnail","hentry","category-non-classe"],"_links":{"self":[{"href":"https:\/\/lpsc-wordpress.in2p3.fr\/index.php?rest_route=\/wp\/v2\/posts\/680","targetHints":{"allow":["GET"]}}],"collection":[{"href":"https:\/\/lpsc-wordpress.in2p3.fr\/index.php?rest_route=\/wp\/v2\/posts"}],"about":[{"href":"https:\/\/lpsc-wordpress.in2p3.fr\/index.php?rest_route=\/wp\/v2\/types\/post"}],"author":[{"embeddable":true,"href":"https:\/\/lpsc-wordpress.in2p3.fr\/index.php?rest_route=\/wp\/v2\/users\/2"}],"replies":[{"embeddable":true,"href":"https:\/\/lpsc-wordpress.in2p3.fr\/index.php?rest_route=%2Fwp%2Fv2%2Fcomments&post=680"}],"version-history":[{"count":5,"href":"https:\/\/lpsc-wordpress.in2p3.fr\/index.php?rest_route=\/wp\/v2\/posts\/680\/revisions"}],"predecessor-version":[{"id":2539,"href":"https:\/\/lpsc-wordpress.in2p3.fr\/index.php?rest_route=\/wp\/v2\/posts\/680\/revisions\/2539"}],"wp:featuredmedia":[{"embeddable":true,"href":"https:\/\/lpsc-wordpress.in2p3.fr\/index.php?rest_route=\/wp\/v2\/media\/682"}],"wp:attachment":[{"href":"https:\/\/lpsc-wordpress.in2p3.fr\/index.php?rest_route=%2Fwp%2Fv2%2Fmedia&parent=680"}],"wp:term":[{"taxonomy":"category","embeddable":true,"href":"https:\/\/lpsc-wordpress.in2p3.fr\/index.php?rest_route=%2Fwp%2Fv2%2Fcategories&post=680"},{"taxonomy":"post_tag","embeddable":true,"href":"https:\/\/lpsc-wordpress.in2p3.fr\/index.php?rest_route=%2Fwp%2Fv2%2Ftags&post=680"}],"curies":[{"name":"wp","href":"https:\/\/api.w.org\/{rel}","templated":true}]}}